{"id":2515,"date":"2016-12-13T04:21:49","date_gmt":"2016-12-13T04:21:49","guid":{"rendered":"http:\/\/fundarte.gob.ve\/web\/2016\/12\/13\/publico-caraqueno-coreo-musica-tradicional-y-trova-en-el-municipal\/"},"modified":"2016-12-13T04:21:49","modified_gmt":"2016-12-13T04:21:49","slug":"publico-caraqueno-coreo-musica-tradicional-y-trova-en-el-municipal","status":"publish","type":"post","link":"https:\/\/fundarte.gob.ve\/web\/2016\/12\/13\/publico-caraqueno-coreo-musica-tradicional-y-trova-en-el-municipal\/","title":{"rendered":"P\u00fablico caraque\u00f1o core\u00f3 m\u00fasica tradicional y trova en el Municipal"},"content":{"rendered":"<\/p>\n<p style=\"margin-top: 0cm; margin-right: 0cm; margin-bottom: 7.5pt; text-align: justify; line-height: 150%; background-image: initial; background-position: initial; background-repeat: initial; background-attachment: initial;\"><span style=\"color: #000000;\"><strong><span style=\"line-height: 150%; font-family: Arial, sans-serif;\">Caracas, 13 de diciembre de 2016.-<\/span><\/strong><span style=\"line-height: 150%; font-family: Arial, sans-serif;\">&nbsp;Los aficionados de la m&uacute;sica tradicional y la trova pudieron deleitarse por segunda vez consecutiva en el Teatro Municipal, como parte de la programaci&oacute;n que ofrece el Festival Latinoamericano de M&uacute;sica &ldquo;Suena Caracas&rdquo; 2016.<\/span><\/span><\/p>\n<p><!--more--><\/p>\n<p><span style=\"color: #000000;\"><img loading=\"lazy\" class=\" size-full wp-image-2510\" src=\"http:\/\/fundarte.gob.ve\/web\/wp-content\/uploads\/2016\/12\/MG_2676.jpg\" alt=\"\" width=\"2000\" height=\"1333\" srcset=\"https:\/\/fundarte.gob.ve\/web\/wp-content\/uploads\/2016\/12\/MG_2676.jpg 2000w, https:\/\/fundarte.gob.ve\/web\/wp-content\/uploads\/2016\/12\/MG_2676-300x200.jpg 300w, https:\/\/fundarte.gob.ve\/web\/wp-content\/uploads\/2016\/12\/MG_2676-1024x682.jpg 1024w, https:\/\/fundarte.gob.ve\/web\/wp-content\/uploads\/2016\/12\/MG_2676-768x512.jpg 768w, https:\/\/fundarte.gob.ve\/web\/wp-content\/uploads\/2016\/12\/MG_2676-1536x1024.jpg 1536w\" sizes=\"(max-width: 2000px) 100vw, 2000px\" \/><\/span><\/p>\n<p style=\"margin-top: 0cm; margin-right: 0cm; margin-bottom: 7.5pt; text-align: justify; line-height: 150%; background-attachment: initial; background-image: initial; background-position: initial; background-repeat: initial;\"><span style=\"line-height: 150%; font-family: Arial, sans-serif; color: #000000;\">En este sentido, al espacio p&uacute;blico recuperado por el ciudadano Alcalde Jorge Rodr&iacute;guez, llegaron artistas de &iacute;ndole nacional e internacional, como Lilia Vera y Fernando Delgadillo, quienes con sus melod&iacute;as y poes&iacute;a cautivaron a un p&uacute;blico en general.<\/span><\/p>\n<p style=\"margin-top: 0cm; margin-right: 0cm; margin-bottom: 7.5pt; text-align: justify; line-height: 150%; background-attachment: initial; background-image: initial; background-position: initial; background-repeat: initial;\"><span style=\"line-height: 150%; font-family: Arial, sans-serif; color: #000000;\">Vera, quien es oriunda de la ciudad de Caracas, enton&oacute; sus melod&iacute;as en compa&ntilde;&iacute;a de los presentes. En primera instancia interpret&oacute; &ldquo;Pueblos Tristes&rdquo; de Otilio Galindez, compositor popular venezolano y ganador del Premio Nacional de Cultura Venezuela 2001. Siendo recordado por todas y todos, luego de su fallecimiento en junio del a&ntilde;o 2009.<\/span><\/p>\n<p><span style=\"color: #000000;\"><img loading=\"lazy\" class=\" size-full wp-image-2511\" src=\"http:\/\/fundarte.gob.ve\/web\/wp-content\/uploads\/2016\/12\/MG_2641.jpg\" alt=\"\" width=\"2000\" height=\"1333\" srcset=\"https:\/\/fundarte.gob.ve\/web\/wp-content\/uploads\/2016\/12\/MG_2641.jpg 2000w, https:\/\/fundarte.gob.ve\/web\/wp-content\/uploads\/2016\/12\/MG_2641-300x200.jpg 300w, https:\/\/fundarte.gob.ve\/web\/wp-content\/uploads\/2016\/12\/MG_2641-1024x682.jpg 1024w, https:\/\/fundarte.gob.ve\/web\/wp-content\/uploads\/2016\/12\/MG_2641-768x512.jpg 768w, https:\/\/fundarte.gob.ve\/web\/wp-content\/uploads\/2016\/12\/MG_2641-1536x1024.jpg 1536w\" sizes=\"(max-width: 2000px) 100vw, 2000px\" \/><\/span><\/p>\n<p style=\"margin-top: 0cm; margin-right: 0cm; margin-bottom: 7.5pt; text-align: justify; line-height: 150%; background-attachment: initial; background-image: initial; background-position: initial; background-repeat: initial;\"><span style=\"line-height: 150%; font-family: Arial, sans-serif; color: #000000;\">Adicionalmente, ameniz&oacute; la noche con otros temas, como &ldquo;becerrito&rdquo; de Sim&oacute;n D&iacute;az y &ldquo;Mujer&rdquo; de Gloria Mart&iacute;n, canciones que fueron coreadas por un p&uacute;blico amante de la m&uacute;sica tradicional.<\/span><\/p>\n<p><span style=\"color: #000000;\"><img loading=\"lazy\" class=\" size-full wp-image-2512\" src=\"http:\/\/fundarte.gob.ve\/web\/wp-content\/uploads\/2016\/12\/MG_2659.jpg\" alt=\"\" width=\"2000\" height=\"1333\" srcset=\"https:\/\/fundarte.gob.ve\/web\/wp-content\/uploads\/2016\/12\/MG_2659.jpg 2000w, https:\/\/fundarte.gob.ve\/web\/wp-content\/uploads\/2016\/12\/MG_2659-300x200.jpg 300w, https:\/\/fundarte.gob.ve\/web\/wp-content\/uploads\/2016\/12\/MG_2659-1024x682.jpg 1024w, https:\/\/fundarte.gob.ve\/web\/wp-content\/uploads\/2016\/12\/MG_2659-768x512.jpg 768w, https:\/\/fundarte.gob.ve\/web\/wp-content\/uploads\/2016\/12\/MG_2659-1536x1024.jpg 1536w\" sizes=\"(max-width: 2000px) 100vw, 2000px\" \/><\/span><\/p>\n<p style=\"margin-top: 0cm; margin-right: 0cm; margin-bottom: 7.5pt; text-align: justify; line-height: 150%; background-attachment: initial; background-image: initial; background-position: initial; background-repeat: initial;\"><span style=\"color: #000000;\"><strong><span style=\"line-height: 150%; font-family: Arial, sans-serif;\">La trova cerr&oacute; con broche de oro<\/span><\/strong><\/span><\/p>\n<p style=\"margin-top: 0cm; margin-right: 0cm; margin-bottom: 7.5pt; text-align: justify; line-height: 150%; background-attachment: initial; background-image: initial; background-position: initial; background-repeat: initial;\"><span style=\"line-height: 150%; font-family: Arial, sans-serif; color: #000000;\">Luego el espect&aacute;culo continu&oacute; con la presentaci&oacute;n del cantautor mexicano, Fernando Delgadillo, quien con 30 a&ntilde;os de trayectoria art&iacute;stica ha logrado un camino de reconocimiento y renombre, no solo en su pa&iacute;s, sino en varias partes del mundo.<\/span><\/p>\n<p style=\"margin-top: 0cm; margin-right: 0cm; margin-bottom: 7.5pt; text-align: justify; line-height: 150%; background-attachment: initial; background-image: initial; background-position: initial; background-repeat: initial;\"><span style=\"line-height: 150%; font-family: Arial, sans-serif; color: #000000;\">Entre&nbsp;sus sencillos interpretados, destacan &ldquo;Hoy ten miedo de m&iacute;&rdquo;, &ldquo;No me pidas ser tu amigo&rdquo;, &ldquo;Entre parios y derivas&rdquo;, &ldquo;Carta a Francia&rdquo;, siendo coreadas por las citadinas y citadinos, quienes asistieron al Teatro Municipal en la b&uacute;squeda de un g&eacute;nero producto de la cultura.<\/span><\/p>\n<p><span style=\"color: #000000;\"><img loading=\"lazy\" class=\" size-full wp-image-2513\" src=\"http:\/\/fundarte.gob.ve\/web\/wp-content\/uploads\/2016\/12\/MG_2749.jpg\" alt=\"\" width=\"2000\" height=\"1333\" srcset=\"https:\/\/fundarte.gob.ve\/web\/wp-content\/uploads\/2016\/12\/MG_2749.jpg 2000w, https:\/\/fundarte.gob.ve\/web\/wp-content\/uploads\/2016\/12\/MG_2749-300x200.jpg 300w, https:\/\/fundarte.gob.ve\/web\/wp-content\/uploads\/2016\/12\/MG_2749-1024x682.jpg 1024w, https:\/\/fundarte.gob.ve\/web\/wp-content\/uploads\/2016\/12\/MG_2749-768x512.jpg 768w, https:\/\/fundarte.gob.ve\/web\/wp-content\/uploads\/2016\/12\/MG_2749-1536x1024.jpg 1536w\" sizes=\"(max-width: 2000px) 100vw, 2000px\" \/><\/span><\/p>\n<p style=\"margin-top: 0cm; margin-right: 0cm; margin-bottom: 7.5pt; text-align: justify; line-height: 150%; background-attachment: initial; background-image: initial; background-position: initial; background-repeat: initial;\"><span style=\"line-height: 150%; font-family: Arial, sans-serif; color: #000000;\">Mar&iacute;a Rojas, habitante de la Parroquia La Candelaria, manifest&oacute; que la combinaci&oacute;n de Vera y Delgadillo, para interpretar m&uacute;sica tradicional y de trova, fue &ldquo;estupenda&rdquo;, pues le pareci&oacute; &ldquo;realmente fascinante escuchar a estos dos artistas&rdquo;, dijo.&nbsp;<\/span><\/p>\n<p style=\"margin-top: 0cm; margin-right: 0cm; margin-bottom: 7.5pt; text-align: justify; line-height: 150%; background-attachment: initial; background-image: initial; background-position: initial; background-repeat: initial;\"><span style=\"line-height: 150%; font-family: Arial, sans-serif; color: #000000;\">Por otra parte, Daniel Gallardo, habitante de Caracas, expres&oacute; que &ldquo;la m&uacute;sica tradicional es la melod&iacute;a con la cual me siento representado, por eso vine el viernes a la Diego Ibarra y hoy martes al Municipal&rdquo;, finaliz&oacute;.&nbsp;&nbsp;<\/span><\/p>\n<p style=\"margin-top: 0cm; margin-right: 0cm; margin-bottom: 7.5pt; text-align: justify; line-height: 150%; background-attachment: initial; background-image: initial; background-position: initial; background-repeat: initial;\"><span style=\"line-height: 150%; font-family: Arial, sans-serif; color: #000000;\">Texto: Carlos Berm&uacute;dez \/ Fotos: Milangela Galea&nbsp;<\/span><\/p>\n<p><img loading=\"lazy\" class=\" size-full wp-image-2514\" src=\"http:\/\/fundarte.gob.ve\/web\/wp-content\/uploads\/2016\/12\/MG_2685.jpg\" alt=\"\" width=\"2000\" height=\"1333\" srcset=\"https:\/\/fundarte.gob.ve\/web\/wp-content\/uploads\/2016\/12\/MG_2685.jpg 2000w, https:\/\/fundarte.gob.ve\/web\/wp-content\/uploads\/2016\/12\/MG_2685-300x200.jpg 300w, https:\/\/fundarte.gob.ve\/web\/wp-content\/uploads\/2016\/12\/MG_2685-1024x682.jpg 1024w, https:\/\/fundarte.gob.ve\/web\/wp-content\/uploads\/2016\/12\/MG_2685-768x512.jpg 768w, https:\/\/fundarte.gob.ve\/web\/wp-content\/uploads\/2016\/12\/MG_2685-1536x1024.jpg 1536w\" sizes=\"(max-width: 2000px) 100vw, 2000px\" \/><\/p>\n","protected":false},"excerpt":{"rendered":"<p>Caracas, 13 de diciembre de 2016.-&nbsp;Los aficionados de la m&uacute;sica tradicional y la trova pudieron deleitarse por segunda vez consecutiva en el Teatro Municipal, como parte de la programaci&oacute;n que ofrece el Festival Latinoamericano de M&uacute;sica &ldquo;Suena Caracas&rdquo; 2016.<\/p>\n","protected":false},"author":4,"featured_media":2509,"comment_status":"open","ping_status":"open","sticky":false,"template":"","format":"standard","meta":{"inline_featured_image":false,"site-sidebar-layout":"default","site-content-layout":"","ast-site-content-layout":"","site-content-style":"default","site-sidebar-style":"default","ast-global-header-display":"","ast-banner-title-visibility":"","ast-main-header-display":"","ast-hfb-above-header-display":"","ast-hfb-below-header-display":"","ast-hfb-mobile-header-display":"","site-post-title":"","ast-breadcrumbs-content":"","ast-featured-img":"","footer-sml-layout":"","theme-transparent-header-meta":"","adv-header-id-meta":"","stick-header-meta":"","header-above-stick-meta":"","header-main-stick-meta":"","header-below-stick-meta":"","astra-migrate-meta-layouts":"","ast-page-background-enabled":"default","ast-page-background-meta":{"desktop":{"background-color":"var(--ast-global-color-4)","background-image":"","background-repeat":"repeat","background-position":"center center","background-size":"auto","background-attachment":"scroll","background-type":"","background-media":"","overlay-type":"","overlay-color":"","overlay-gradient":""},"tablet":{"background-color":"","background-image":"","background-repeat":"repeat","background-position":"center center","background-size":"auto","background-attachment":"scroll","background-type":"","background-media":"","overlay-type":"","overlay-color":"","overlay-gradient":""},"mobile":{"background-color":"","background-image":"","background-repeat":"repeat","background-position":"center center","background-size":"auto","background-attachment":"scroll","background-type":"","background-media":"","overlay-type":"","overlay-color":"","overlay-gradient":""}},"ast-content-background-meta":{"desktop":{"background-color":"var(--ast-global-color-5)","background-image":"","background-repeat":"repeat","background-position":"center center","background-size":"auto","background-attachment":"scroll","background-type":"","background-media":"","overlay-type":"","overlay-color":"","overlay-gradient":""},"tablet":{"background-color":"var(--ast-global-color-5)","background-image":"","background-repeat":"repeat","background-position":"center center","background-size":"auto","background-attachment":"scroll","background-type":"","background-media":"","overlay-type":"","overlay-color":"","overlay-gradient":""},"mobile":{"background-color":"var(--ast-global-color-5)","background-image":"","background-repeat":"repeat","background-position":"center center","background-size":"auto","background-attachment":"scroll","background-type":"","background-media":"","overlay-type":"","overlay-color":"","overlay-gradient":""}}},"categories":[36],"tags":[],"_links":{"self":[{"href":"https:\/\/fundarte.gob.ve\/web\/wp-json\/wp\/v2\/posts\/2515"}],"collection":[{"href":"https:\/\/fundarte.gob.ve\/web\/wp-json\/wp\/v2\/posts"}],"about":[{"href":"https:\/\/fundarte.gob.ve\/web\/wp-json\/wp\/v2\/types\/post"}],"author":[{"embeddable":true,"href":"https:\/\/fundarte.gob.ve\/web\/wp-json\/wp\/v2\/users\/4"}],"replies":[{"embeddable":true,"href":"https:\/\/fundarte.gob.ve\/web\/wp-json\/wp\/v2\/comments?post=2515"}],"version-history":[{"count":0,"href":"https:\/\/fundarte.gob.ve\/web\/wp-json\/wp\/v2\/posts\/2515\/revisions"}],"wp:featuredmedia":[{"embeddable":true,"href":"https:\/\/fundarte.gob.ve\/web\/wp-json\/wp\/v2\/media\/2509"}],"wp:attachment":[{"href":"https:\/\/fundarte.gob.ve\/web\/wp-json\/wp\/v2\/media?parent=2515"}],"wp:term":[{"taxonomy":"category","embeddable":true,"href":"https:\/\/fundarte.gob.ve\/web\/wp-json\/wp\/v2\/categories?post=2515"},{"taxonomy":"post_tag","embeddable":true,"href":"https:\/\/fundarte.gob.ve\/web\/wp-json\/wp\/v2\/tags?post=2515"}],"curies":[{"name":"wp","href":"https:\/\/api.w.org\/{rel}","templated":true}]}}